{"id":18561,"date":"2021-10-07T10:36:13","date_gmt":"2021-10-07T08:36:13","guid":{"rendered":"https:\/\/www.fsf.si\/2021\/?p=18561"},"modified":"2021-10-08T10:31:01","modified_gmt":"2021-10-08T08:31:01","slug":"predfestivalski-delavnici-jana-belcla-in-mitje-okorna","status":"publish","type":"post","link":"https:\/\/www.fsf.si\/2021\/predfestivalski-delavnici-jana-belcla-in-mitje-okorna\/","title":{"rendered":"Predfestivalski delavnici Jana Belcla in Mitje Okorna"},"content":{"rendered":"\n<p> <\/p>\n\n\n\n<p>V ponedeljek, 11. 10., ob 10:30 se lahko v Konferen\u010dem centru Hotela Slon v Ljubljani udele\u017eite<em>&nbsp;<\/em>predfestivalskih filmskih delavnic<em>&nbsp;<\/em>dveh re\u017eiserjev, ki jima je uspelo prodreti v mednarodno mre\u017eo enega najve\u010djih digitalnih ponudnikov AV vsebin.<\/p>\n\n\n\n<p><strong>Jan Belcl: Od Pragerskega do Netflixa<\/strong><\/p>\n\n\n\n<p><strong>Mitja Okorn: Leto \u017eivljenja v Hollywoodu<\/strong><\/p>\n\n\n\n<p>Za la\u017eje sledenje predavanju in udele\u017ebo na delavnici si lahko filma&nbsp;<em>All My Friends Are Dead<\/em>&nbsp;in&nbsp;<em>Life in a Year<\/em>, o produkciji katerih bosta avtorja predavala, ogledate na Netflixu oziroma Voyu.<\/p>\n\n\n\n<p><strong>Prijave sprejemamo na<\/strong>&nbsp;<a href=\"http:\/\/marja.kodre@gmail.com\/\"><strong>marja.kodre@gmail.com<\/strong><\/a>&nbsp;<strong>do 10. oktobra<\/strong>. Za ta dogodek ne bo digitalnega prenosa na daljavo.<\/p>\n","protected":false},"excerpt":{"rendered":"<p>V ponedeljek, 11. 10., ob 10:30 se lahko v Konferen\u010dem centru Hotela Slon v Ljubljani udele\u017eite&nbsp;predfestivalskih filmskih [&hellip;]<\/p>\n","protected":false},"author":3,"featured_media":18581,"comment_status":"open","ping_status":"open","sticky":false,"template":"","format":"standard","meta":[],"categories":[59],"tags":[],"yoast_head":"<!-- This site is optimized with the Yoast SEO plugin v17.1 - https:\/\/yoast.com\/wordpress\/plugins\/seo\/ -->\n<title>Predfestivalski delavnici Jana Belcla in Mitje Okorna - FSF<\/title>\n<meta name=\"description\" content=\"Festival slovenskega filma (FSF) je pregled slovenske avdiovizualne produkcije, ki vsako leto predstavi produkcijo celove\u010dernih in kratkih igranih, dokumentarnih ter animiranih filmov, ki so nastali v Sloveniji v preteklem letu.\" \/>\n<meta name=\"robots\" content=\"index, follow, max-snippet:-1, max-image-preview:large, max-video-preview:-1\" \/>\n<link rel=\"canonical\" href=\"https:\/\/www.fsf.si\/2021\/predfestivalski-delavnici-jana-belcla-in-mitje-okorna\/\" \/>\n<meta property=\"og:locale\" content=\"sl_SI\" \/>\n<meta property=\"og:type\" content=\"article\" \/>\n<meta property=\"og:title\" content=\"Predfestivalski delavnici Jana Belcla in Mitje Okorna - FSF\" \/>\n<meta property=\"og:description\" content=\"Festival slovenskega filma (FSF) je pregled slovenske avdiovizualne produkcije, ki vsako leto predstavi produkcijo celove\u010dernih in kratkih igranih, dokumentarnih ter animiranih filmov, ki so nastali v Sloveniji v preteklem letu.\" \/>\n<meta property=\"og:url\" content=\"https:\/\/www.fsf.si\/2021\/predfestivalski-delavnici-jana-belcla-in-mitje-okorna\/\" \/>\n<meta property=\"og:site_name\" content=\"FSF\" \/>\n<meta property=\"article:published_time\" content=\"2021-10-07T08:36:13+00:00\" \/>\n<meta property=\"article:modified_time\" content=\"2021-10-08T08:31:01+00:00\" \/>\n<meta property=\"og:image\" content=\"https:\/\/www.fsf.si\/2021\/wp-content\/uploads\/2021\/10\/strokovni-1.jpg\" \/>\n\t<meta property=\"og:image:width\" content=\"773\" \/>\n\t<meta property=\"og:image:height\" content=\"400\" \/>\n<meta name=\"twitter:card\" content=\"summary_large_image\" \/>\n<meta name=\"twitter:label1\" content=\"Written by\" \/>\n\t<meta name=\"twitter:data1\" content=\"FSFSmail\" \/>\n\t<meta name=\"twitter:label2\" content=\"Est. reading time\" \/>\n\t<meta name=\"twitter:data2\" content=\"1 minuta\" \/>\n<script type=\"application\/ld+json\" class=\"yoast-schema-graph\">{\"@context\":\"https:\/\/schema.org\",\"@graph\":[{\"@type\":\"Organization\",\"@id\":\"https:\/\/www.fsf.si\/2021\/#organization\",\"name\":\"Festival Slovenskega Filma\",\"url\":\"https:\/\/www.fsf.si\/2021\/\",\"sameAs\":[],\"logo\":{\"@type\":\"ImageObject\",\"@id\":\"https:\/\/www.fsf.si\/2021\/#logo\",\"inLanguage\":\"sl-SI\",\"url\":\"https:\/\/www.fsf.si\/2021\/wp-content\/uploads\/2019\/06\/Slider-FSF.png\",\"contentUrl\":\"https:\/\/www.fsf.si\/2021\/wp-content\/uploads\/2019\/06\/Slider-FSF.png\",\"width\":4800,\"height\":1600,\"caption\":\"Festival Slovenskega Filma\"},\"image\":{\"@id\":\"https:\/\/www.fsf.si\/2021\/#logo\"}},{\"@type\":\"WebSite\",\"@id\":\"https:\/\/www.fsf.si\/2021\/#website\",\"url\":\"https:\/\/www.fsf.si\/2021\/\",\"name\":\"FSF\",\"description\":\"Festival Slovenskega Filma\",\"publisher\":{\"@id\":\"https:\/\/www.fsf.si\/2021\/#organization\"},\"potentialAction\":[{\"@type\":\"SearchAction\",\"target\":{\"@type\":\"EntryPoint\",\"urlTemplate\":\"https:\/\/www.fsf.si\/2021\/?s={search_term_string}\"},\"query-input\":\"required name=search_term_string\"}],\"inLanguage\":\"sl-SI\"},{\"@type\":\"ImageObject\",\"@id\":\"https:\/\/www.fsf.si\/2021\/predfestivalski-delavnici-jana-belcla-in-mitje-okorna\/#primaryimage\",\"inLanguage\":\"sl-SI\",\"url\":\"https:\/\/www.fsf.si\/2021\/wp-content\/uploads\/2021\/10\/strokovni-1.jpg\",\"contentUrl\":\"https:\/\/www.fsf.si\/2021\/wp-content\/uploads\/2021\/10\/strokovni-1.jpg\",\"width\":773,\"height\":400},{\"@type\":\"WebPage\",\"@id\":\"https:\/\/www.fsf.si\/2021\/predfestivalski-delavnici-jana-belcla-in-mitje-okorna\/#webpage\",\"url\":\"https:\/\/www.fsf.si\/2021\/predfestivalski-delavnici-jana-belcla-in-mitje-okorna\/\",\"name\":\"Predfestivalski delavnici Jana Belcla in Mitje Okorna - FSF\",\"isPartOf\":{\"@id\":\"https:\/\/www.fsf.si\/2021\/#website\"},\"primaryImageOfPage\":{\"@id\":\"https:\/\/www.fsf.si\/2021\/predfestivalski-delavnici-jana-belcla-in-mitje-okorna\/#primaryimage\"},\"datePublished\":\"2021-10-07T08:36:13+00:00\",\"dateModified\":\"2021-10-08T08:31:01+00:00\",\"description\":\"Festival slovenskega filma (FSF) je pregled slovenske avdiovizualne produkcije, ki vsako leto predstavi produkcijo celove\\u010dernih in kratkih igranih, dokumentarnih ter animiranih filmov, ki so nastali v Sloveniji v preteklem letu.\",\"breadcrumb\":{\"@id\":\"https:\/\/www.fsf.si\/2021\/predfestivalski-delavnici-jana-belcla-in-mitje-okorna\/#breadcrumb\"},\"inLanguage\":\"sl-SI\",\"potentialAction\":[{\"@type\":\"ReadAction\",\"target\":[\"https:\/\/www.fsf.si\/2021\/predfestivalski-delavnici-jana-belcla-in-mitje-okorna\/\"]}]},{\"@type\":\"BreadcrumbList\",\"@id\":\"https:\/\/www.fsf.si\/2021\/predfestivalski-delavnici-jana-belcla-in-mitje-okorna\/#breadcrumb\",\"itemListElement\":[{\"@type\":\"ListItem\",\"position\":1,\"name\":\"Home\",\"item\":\"https:\/\/www.fsf.si\/2021\/\"},{\"@type\":\"ListItem\",\"position\":2,\"name\":\"Predfestivalski delavnici Jana Belcla in Mitje Okorna\"}]},{\"@type\":\"Article\",\"@id\":\"https:\/\/www.fsf.si\/2021\/predfestivalski-delavnici-jana-belcla-in-mitje-okorna\/#article\",\"isPartOf\":{\"@id\":\"https:\/\/www.fsf.si\/2021\/predfestivalski-delavnici-jana-belcla-in-mitje-okorna\/#webpage\"},\"author\":{\"@id\":\"https:\/\/www.fsf.si\/2021\/#\/schema\/person\/25c593ea19ec81f9afff3aa701ed1182\"},\"headline\":\"Predfestivalski delavnici Jana Belcla in Mitje Okorna\",\"datePublished\":\"2021-10-07T08:36:13+00:00\",\"dateModified\":\"2021-10-08T08:31:01+00:00\",\"mainEntityOfPage\":{\"@id\":\"https:\/\/www.fsf.si\/2021\/predfestivalski-delavnici-jana-belcla-in-mitje-okorna\/#webpage\"},\"wordCount\":115,\"commentCount\":0,\"publisher\":{\"@id\":\"https:\/\/www.fsf.si\/2021\/#organization\"},\"image\":{\"@id\":\"https:\/\/www.fsf.si\/2021\/predfestivalski-delavnici-jana-belcla-in-mitje-okorna\/#primaryimage\"},\"thumbnailUrl\":\"https:\/\/www.fsf.si\/2021\/wp-content\/uploads\/2021\/10\/strokovni-1.jpg\",\"articleSection\":[\"Aktualno\"],\"inLanguage\":\"sl-SI\",\"potentialAction\":[{\"@type\":\"CommentAction\",\"name\":\"Comment\",\"target\":[\"https:\/\/www.fsf.si\/2021\/predfestivalski-delavnici-jana-belcla-in-mitje-okorna\/#respond\"]}]},{\"@type\":\"Person\",\"@id\":\"https:\/\/www.fsf.si\/2021\/#\/schema\/person\/25c593ea19ec81f9afff3aa701ed1182\",\"name\":\"FSFSmail\",\"image\":{\"@type\":\"ImageObject\",\"@id\":\"https:\/\/www.fsf.si\/2021\/#personlogo\",\"inLanguage\":\"sl-SI\",\"url\":\"https:\/\/secure.gravatar.com\/avatar\/cc08849f1572801bd75e121e5d84de37?s=96&d=mm&r=g\",\"contentUrl\":\"https:\/\/secure.gravatar.com\/avatar\/cc08849f1572801bd75e121e5d84de37?s=96&d=mm&r=g\",\"caption\":\"FSFSmail\"},\"url\":\"https:\/\/www.fsf.si\/2021\/author\/fsfsmail\/\"}]}<\/script>\n<!-- \/ Yoast SEO plugin. -->","yoast_head_json":{"title":"Predfestivalski delavnici Jana Belcla in Mitje Okorna - FSF","description":"Festival slovenskega filma (FSF) je pregled slovenske avdiovizualne produkcije, ki vsako leto predstavi produkcijo celove\u010dernih in kratkih igranih, dokumentarnih ter animiranih filmov, ki so nastali v Sloveniji v preteklem letu.","robots":{"index":"index","follow":"follow","max-snippet":"max-snippet:-1","max-image-preview":"max-image-preview:large","max-video-preview":"max-video-preview:-1"},"canonical":"https:\/\/www.fsf.si\/2021\/predfestivalski-delavnici-jana-belcla-in-mitje-okorna\/","og_locale":"sl_SI","og_type":"article","og_title":"Predfestivalski delavnici Jana Belcla in Mitje Okorna - FSF","og_description":"Festival slovenskega filma (FSF) je pregled slovenske avdiovizualne produkcije, ki vsako leto predstavi produkcijo celove\u010dernih in kratkih igranih, dokumentarnih ter animiranih filmov, ki so nastali v Sloveniji v preteklem letu.","og_url":"https:\/\/www.fsf.si\/2021\/predfestivalski-delavnici-jana-belcla-in-mitje-okorna\/","og_site_name":"FSF","article_published_time":"2021-10-07T08:36:13+00:00","article_modified_time":"2021-10-08T08:31:01+00:00","og_image":[{"width":773,"height":400,"url":"https:\/\/www.fsf.si\/2021\/wp-content\/uploads\/2021\/10\/strokovni-1.jpg","path":"\/var\/projects\/www.fsf.si\/www\/2021\/wp-content\/uploads\/2021\/10\/strokovni-1.jpg","size":"full","id":18581,"alt":"","pixels":309200,"type":"image\/jpeg"}],"twitter_card":"summary_large_image","twitter_misc":{"Written by":"FSFSmail","Est. reading time":"1 minuta"},"schema":{"@context":"https:\/\/schema.org","@graph":[{"@type":"Organization","@id":"https:\/\/www.fsf.si\/2021\/#organization","name":"Festival Slovenskega Filma","url":"https:\/\/www.fsf.si\/2021\/","sameAs":[],"logo":{"@type":"ImageObject","@id":"https:\/\/www.fsf.si\/2021\/#logo","inLanguage":"sl-SI","url":"https:\/\/www.fsf.si\/2021\/wp-content\/uploads\/2019\/06\/Slider-FSF.png","contentUrl":"https:\/\/www.fsf.si\/2021\/wp-content\/uploads\/2019\/06\/Slider-FSF.png","width":4800,"height":1600,"caption":"Festival Slovenskega Filma"},"image":{"@id":"https:\/\/www.fsf.si\/2021\/#logo"}},{"@type":"WebSite","@id":"https:\/\/www.fsf.si\/2021\/#website","url":"https:\/\/www.fsf.si\/2021\/","name":"FSF","description":"Festival Slovenskega Filma","publisher":{"@id":"https:\/\/www.fsf.si\/2021\/#organization"},"potentialAction":[{"@type":"SearchAction","target":{"@type":"EntryPoint","urlTemplate":"https:\/\/www.fsf.si\/2021\/?s={search_term_string}"},"query-input":"required name=search_term_string"}],"inLanguage":"sl-SI"},{"@type":"ImageObject","@id":"https:\/\/www.fsf.si\/2021\/predfestivalski-delavnici-jana-belcla-in-mitje-okorna\/#primaryimage","inLanguage":"sl-SI","url":"https:\/\/www.fsf.si\/2021\/wp-content\/uploads\/2021\/10\/strokovni-1.jpg","contentUrl":"https:\/\/www.fsf.si\/2021\/wp-content\/uploads\/2021\/10\/strokovni-1.jpg","width":773,"height":400},{"@type":"WebPage","@id":"https:\/\/www.fsf.si\/2021\/predfestivalski-delavnici-jana-belcla-in-mitje-okorna\/#webpage","url":"https:\/\/www.fsf.si\/2021\/predfestivalski-delavnici-jana-belcla-in-mitje-okorna\/","name":"Predfestivalski delavnici Jana Belcla in Mitje Okorna - FSF","isPartOf":{"@id":"https:\/\/www.fsf.si\/2021\/#website"},"primaryImageOfPage":{"@id":"https:\/\/www.fsf.si\/2021\/predfestivalski-delavnici-jana-belcla-in-mitje-okorna\/#primaryimage"},"datePublished":"2021-10-07T08:36:13+00:00","dateModified":"2021-10-08T08:31:01+00:00","description":"Festival slovenskega filma (FSF) je pregled slovenske avdiovizualne produkcije, ki vsako leto predstavi produkcijo celove\u010dernih in kratkih igranih, dokumentarnih ter animiranih filmov, ki so nastali v Sloveniji v preteklem letu.","breadcrumb":{"@id":"https:\/\/www.fsf.si\/2021\/predfestivalski-delavnici-jana-belcla-in-mitje-okorna\/#breadcrumb"},"inLanguage":"sl-SI","potentialAction":[{"@type":"ReadAction","target":["https:\/\/www.fsf.si\/2021\/predfestivalski-delavnici-jana-belcla-in-mitje-okorna\/"]}]},{"@type":"BreadcrumbList","@id":"https:\/\/www.fsf.si\/2021\/predfestivalski-delavnici-jana-belcla-in-mitje-okorna\/#breadcrumb","itemListElement":[{"@type":"ListItem","position":1,"name":"Home","item":"https:\/\/www.fsf.si\/2021\/"},{"@type":"ListItem","position":2,"name":"Predfestivalski delavnici Jana Belcla in Mitje Okorna"}]},{"@type":"Article","@id":"https:\/\/www.fsf.si\/2021\/predfestivalski-delavnici-jana-belcla-in-mitje-okorna\/#article","isPartOf":{"@id":"https:\/\/www.fsf.si\/2021\/predfestivalski-delavnici-jana-belcla-in-mitje-okorna\/#webpage"},"author":{"@id":"https:\/\/www.fsf.si\/2021\/#\/schema\/person\/25c593ea19ec81f9afff3aa701ed1182"},"headline":"Predfestivalski delavnici Jana Belcla in Mitje Okorna","datePublished":"2021-10-07T08:36:13+00:00","dateModified":"2021-10-08T08:31:01+00:00","mainEntityOfPage":{"@id":"https:\/\/www.fsf.si\/2021\/predfestivalski-delavnici-jana-belcla-in-mitje-okorna\/#webpage"},"wordCount":115,"commentCount":0,"publisher":{"@id":"https:\/\/www.fsf.si\/2021\/#organization"},"image":{"@id":"https:\/\/www.fsf.si\/2021\/predfestivalski-delavnici-jana-belcla-in-mitje-okorna\/#primaryimage"},"thumbnailUrl":"https:\/\/www.fsf.si\/2021\/wp-content\/uploads\/2021\/10\/strokovni-1.jpg","articleSection":["Aktualno"],"inLanguage":"sl-SI","potentialAction":[{"@type":"CommentAction","name":"Comment","target":["https:\/\/www.fsf.si\/2021\/predfestivalski-delavnici-jana-belcla-in-mitje-okorna\/#respond"]}]},{"@type":"Person","@id":"https:\/\/www.fsf.si\/2021\/#\/schema\/person\/25c593ea19ec81f9afff3aa701ed1182","name":"FSFSmail","image":{"@type":"ImageObject","@id":"https:\/\/www.fsf.si\/2021\/#personlogo","inLanguage":"sl-SI","url":"https:\/\/secure.gravatar.com\/avatar\/cc08849f1572801bd75e121e5d84de37?s=96&d=mm&r=g","contentUrl":"https:\/\/secure.gravatar.com\/avatar\/cc08849f1572801bd75e121e5d84de37?s=96&d=mm&r=g","caption":"FSFSmail"},"url":"https:\/\/www.fsf.si\/2021\/author\/fsfsmail\/"}]}},"_links":{"self":[{"href":"https:\/\/www.fsf.si\/2021\/wp-json\/wp\/v2\/posts\/18561"}],"collection":[{"href":"https:\/\/www.fsf.si\/2021\/wp-json\/wp\/v2\/posts"}],"about":[{"href":"https:\/\/www.fsf.si\/2021\/wp-json\/wp\/v2\/types\/post"}],"author":[{"embeddable":true,"href":"https:\/\/www.fsf.si\/2021\/wp-json\/wp\/v2\/users\/3"}],"replies":[{"embeddable":true,"href":"https:\/\/www.fsf.si\/2021\/wp-json\/wp\/v2\/comments?post=18561"}],"version-history":[{"count":1,"href":"https:\/\/www.fsf.si\/2021\/wp-json\/wp\/v2\/posts\/18561\/revisions"}],"predecessor-version":[{"id":18562,"href":"https:\/\/www.fsf.si\/2021\/wp-json\/wp\/v2\/posts\/18561\/revisions\/18562"}],"wp:featuredmedia":[{"embeddable":true,"href":"https:\/\/www.fsf.si\/2021\/wp-json\/wp\/v2\/media\/18581"}],"wp:attachment":[{"href":"https:\/\/www.fsf.si\/2021\/wp-json\/wp\/v2\/media?parent=18561"}],"wp:term":[{"taxonomy":"category","embeddable":true,"href":"https:\/\/www.fsf.si\/2021\/wp-json\/wp\/v2\/categories?post=18561"},{"taxonomy":"post_tag","embeddable":true,"href":"https:\/\/www.fsf.si\/2021\/wp-json\/wp\/v2\/tags?post=18561"}],"curies":[{"name":"wp","href":"https:\/\/api.w.org\/{rel}","templated":true}]}}