{"id":14686,"date":"2021-05-05T12:43:39","date_gmt":"2021-05-05T07:43:39","guid":{"rendered":"https:\/\/www.fsf.si\/2020\/?p=14686"},"modified":"2021-05-05T12:44:03","modified_gmt":"2021-05-05T07:44:03","slug":"24-festival-slovenskega-filma-ponovno-v-portorozu-novi-direktor-je-reziser-bojan-labovic","status":"publish","type":"post","link":"https:\/\/www.fsf.si\/2021\/24-festival-slovenskega-filma-ponovno-v-portorozu-novi-direktor-je-reziser-bojan-labovic\/","title":{"rendered":"24. Festival slovenskega filma ponovno v Portoro\u017eu \u2013 novi direktor je re\u017eiser Bojan Labovi\u0107"},"content":{"rendered":"<p style=\"text-align: justify;\">Leto\u0161nji 24. Festival slovenskega filma bo ponovno potekal&nbsp;<strong>v Portoro\u017eu med 11. in 17. oktobrom. Naslednja 3 leta ga bo vodil filmski in televizijski scenarist ter re\u017eiser Bojan Labovi\u0107<\/strong>, ki je ob imenovanju povedal, da:&nbsp;<em>\u00bbsta bila prav tradicionalna naklonjenost velikega \u0161tevila filmskih ustvarjalcev do Portoro\u017ea kot festivalske lokacije in pripravljenost tamkaj\u0161nje lokalne skupnosti po okrepljenem sodelovanju tista, ki sta privedla do dokon\u010dne odlo\u010ditve.<\/em>\u00ab<\/p>\n<p style=\"text-align: justify;\">Zaradi vsesplo\u0161no znanih dogodkov v zvezi s pandemijo COVID 19 in njenega u\u010dinka na celotno slovensko filmsko krajino, si je novo vodstvo festivala kot prioritetno nalogo v letu 2021 zadalo ohranitev stabilnosti festivala, njegove dopolnitve in nadgradnje pa v ve\u010djem obsegu na\u010drtuje v prihodnjih letih \u00bbnormalizacije\u00ab. Kljub temu, da se izvedba leto\u0161njega praznika slovenskega filma na\u010drtuje v vsem najbolj za\u017eeleni \u017eivi obliki na prizori\u0161\u010dih Avditorija Portoro\u017e in Razstavi\u0161\u010da Monfort, pa se ekipa festivala zaveda, da je treba biti pripravljen tudi na druga\u010dne okoli\u0161\u010dine. Zato se bo po besedah novega direktorja paralelno na\u010drtovala tudi hibridna ali, v najbolj skrajnem primeru, spletna izvedba festivala. Vse mo\u010di udele\u017eenih v pripravo festivala bodo seveda usmerjene v to, da do slednjega ne pride.<\/p>\n<p style=\"text-align: justify;\">Labovi\u0107 tudi poudarja, da se bo festival, ob vsesplo\u0161nem pritisku komercializacije na filmsko ustvarjalnost in njeno dojemanje, v prihodnje posvetil iskanju uravnote\u017eenega interesa tako iz vidika avtorskega pogleda, strokovne javnosti in ob\u010dinstva.&nbsp;<em>\u00bbS trditvijo, da je ob\u010dinstvo na prvem mestu, se lahko strinjamo, vendar moramo pri tem ostati previdni, zlasti kadar ne govorimo izklju\u010dno o razvedrilni komponenti filma. Zato je eden najve\u010djih izzivov vsakega festivala, \u0161e zlasti nacionalnega, v iskanju povezav med tema dvema razli\u010dnima pogledoma.\u00ab<\/em><\/p>\n<p style=\"text-align: justify;\">Po besedah direktorja bo ena najpomembnej\u0161ih nalog festivala tudi zagotovitev \u010dim ve\u010dje generacijske in geografske dostopnosti Festivala slovenskega filma ob\u010dinstvu, kot tudi \u010dim ve\u010dja mednarodna, zlasti regionalna vpetost festivala. V ta namen se tako na\u010drtuje okrepljeno sodelovanje z Art kino mre\u017eo Slovenije, kot tudi s festivali iz o\u017eje regije (Pula, Motovun, Kino Otok\u2026). Ob upo\u0161tevanju trendov razvoja programa s pove\u010dano produkcijo dokumentarnih, animiranih in kratkih filmov pa Labovi\u0107 razmi\u0161lja tudi o ideji, da si festival v prihodnosti pridobi fran\u0161izo z blagovno znamko FSF, ki bi ponudila selekcijo in pregled teh zvrsti filma, na osrednjem portoro\u0161kem festivalu pa bi se predstavila nagrajena oziroma posebej izpostavljena dela.<\/p>\n<p style=\"text-align: justify;\">Labovi\u0107 v svoji viziji kot \u00bbpilotni\u00ab fran\u0161izni projekt v prihodnjem obdobju navaja tudi oblikovanje posebne edicije festivala za dokumentarni film, ki bi bil terminsko ume\u0161\u010den pred osrednjim festivalom v Portoro\u017eu, ob znanem dejstvu, da je dokumentarna filmska zvrst \u010dedalje bolj prodorna, bi se na ta na\u010din lahko dosegla tudi \u010dasovno dalj\u0161a in krajevno obse\u017enej\u0161a prisotnost slovenskega filma v doma\u010dem prostoru.<\/p>\n<p style=\"text-align: justify;\"><em>\u00bbNaloga festivala ostaja tudi organiziranje strokovnih predavanj in posvetov s podro\u010dij, ki se izka\u017eejo za pere\u010da in podajajo odgovore na nove strokovne izzive v spremenjeni filmski krajini. V leto\u0161njem letu je to nedvomno nujna prenova filmske zakonodaje in s tem odstiranje vizije polo\u017eaja in delovanja slovenskega filma v prihodnosti. Ker so obfestivalske dejavnosti \u010dedalje bolj pomembne, je cilj v prihodnosti oblikovati tudi posebno skupino, ki bi skrbela za njegov konceptualni in izvedbeni del, vklju\u010dno z odprtjem in podelitvijo nagrad<\/em>\u00ab, v svoji viziji \u0161e dodaja Labovi\u0107.<\/p>\n<p style=\"text-align: justify;\">Ob novem vodstvu festivala ima le-ta tudi nov svet, saj je prej\u0161njemu potekel mandat. Nata\u0161a Bu\u010dar, direktorica Slovenskega filmskega centra, javne agencije, je skladno s pravilnikom Festivala slovenskega filma, imenovala nove \u010dlane sveta, ki so: predstavnica Art kino mre\u017ee Slovenije<em>&nbsp;Nina Ukmar,&nbsp;<\/em>re\u017eiser<em>&nbsp;Bla\u017e Zavr\u0161nik,&nbsp;<\/em>igralec<em>&nbsp;Urban Kuntari\u010d,&nbsp;<\/em>producenta<em>&nbsp;Zoran D\u017eeverdanovi\u0107&nbsp;<\/em>in<em>&nbsp;Tomi Mati\u0107,<\/em>&nbsp;predstavnik lokalne skupnosti<em>&nbsp;Matej Knepp<\/em>&nbsp;ter predsednica sveta<em>&nbsp;Jelka Stergel.<\/em><\/p>\n<p style=\"text-align: justify;\"><strong>Odprtje festivala bo 11. oktobra, zaklju\u010dna slovesnost s podelitvijo nagrad pa predvidoma 17. oktobra 2021.&nbsp; Prijave na festival se bodo odprle v drugi polovici meseca junija 2021.<\/strong><\/p>\n","protected":false},"excerpt":{"rendered":"<p>Leto\u0161nji 24. Festival slovenskega filma bo ponovno potekal&nbsp;v Portoro\u017eu med 11. in 17. oktobrom. Naslednja 3 leta [&hellip;]<\/p>\n","protected":false},"author":1,"featured_media":14687,"comment_status":"open","ping_status":"open","sticky":false,"template":"","format":"standard","meta":[],"categories":[59],"tags":[],"yoast_head":"<!-- This site is optimized with the Yoast SEO plugin v17.1 - https:\/\/yoast.com\/wordpress\/plugins\/seo\/ -->\n<title>24. Festival slovenskega filma ponovno v Portoro\u017eu \u2013 novi direktor je re\u017eiser Bojan Labovi\u0107 - FSF<\/title>\n<meta name=\"description\" content=\"Festival slovenskega filma (FSF) je pregled slovenske avdiovizualne produkcije, ki vsako leto predstavi produkcijo celove\u010dernih in kratkih igranih, dokumentarnih ter animiranih filmov, ki so nastali v Sloveniji v preteklem letu.\" \/>\n<meta name=\"robots\" content=\"index, follow, max-snippet:-1, max-image-preview:large, max-video-preview:-1\" \/>\n<link rel=\"canonical\" href=\"https:\/\/www.fsf.si\/2021\/24-festival-slovenskega-filma-ponovno-v-portorozu-novi-direktor-je-reziser-bojan-labovic\/\" \/>\n<meta property=\"og:locale\" content=\"sl_SI\" \/>\n<meta property=\"og:type\" content=\"article\" \/>\n<meta property=\"og:title\" content=\"24. Festival slovenskega filma ponovno v Portoro\u017eu \u2013 novi direktor je re\u017eiser Bojan Labovi\u0107 - FSF\" \/>\n<meta property=\"og:description\" content=\"Festival slovenskega filma (FSF) je pregled slovenske avdiovizualne produkcije, ki vsako leto predstavi produkcijo celove\u010dernih in kratkih igranih, dokumentarnih ter animiranih filmov, ki so nastali v Sloveniji v preteklem letu.\" \/>\n<meta property=\"og:url\" content=\"https:\/\/www.fsf.si\/2021\/24-festival-slovenskega-filma-ponovno-v-portorozu-novi-direktor-je-reziser-bojan-labovic\/\" \/>\n<meta property=\"og:site_name\" content=\"FSF\" \/>\n<meta property=\"article:published_time\" content=\"2021-05-05T07:43:39+00:00\" \/>\n<meta property=\"article:modified_time\" content=\"2021-05-05T07:44:03+00:00\" \/>\n<meta name=\"twitter:card\" content=\"summary_large_image\" \/>\n<meta name=\"twitter:image\" content=\"https:\/\/www.fsf.si\/2021\/wp-content\/uploads\/2021\/05\/Bojan-Labovi\u0107-Foto-Irena-Herak.jpg\" \/>\n<meta name=\"twitter:label1\" content=\"Written by\" \/>\n\t<meta name=\"twitter:data1\" content=\"dignitas\" \/>\n\t<meta name=\"twitter:label2\" content=\"Est. reading time\" \/>\n\t<meta name=\"twitter:data2\" content=\"3 minute\" \/>\n<script type=\"application\/ld+json\" class=\"yoast-schema-graph\">{\"@context\":\"https:\/\/schema.org\",\"@graph\":[{\"@type\":\"Organization\",\"@id\":\"https:\/\/www.fsf.si\/2021\/#organization\",\"name\":\"Festival Slovenskega Filma\",\"url\":\"https:\/\/www.fsf.si\/2021\/\",\"sameAs\":[],\"logo\":{\"@type\":\"ImageObject\",\"@id\":\"https:\/\/www.fsf.si\/2021\/#logo\",\"inLanguage\":\"sl-SI\",\"url\":\"https:\/\/www.fsf.si\/2021\/wp-content\/uploads\/2019\/06\/Slider-FSF.png\",\"contentUrl\":\"https:\/\/www.fsf.si\/2021\/wp-content\/uploads\/2019\/06\/Slider-FSF.png\",\"width\":4800,\"height\":1600,\"caption\":\"Festival Slovenskega Filma\"},\"image\":{\"@id\":\"https:\/\/www.fsf.si\/2021\/#logo\"}},{\"@type\":\"WebSite\",\"@id\":\"https:\/\/www.fsf.si\/2021\/#website\",\"url\":\"https:\/\/www.fsf.si\/2021\/\",\"name\":\"FSF\",\"description\":\"Festival Slovenskega Filma\",\"publisher\":{\"@id\":\"https:\/\/www.fsf.si\/2021\/#organization\"},\"potentialAction\":[{\"@type\":\"SearchAction\",\"target\":{\"@type\":\"EntryPoint\",\"urlTemplate\":\"https:\/\/www.fsf.si\/2021\/?s={search_term_string}\"},\"query-input\":\"required name=search_term_string\"}],\"inLanguage\":\"sl-SI\"},{\"@type\":\"ImageObject\",\"@id\":\"https:\/\/www.fsf.si\/2021\/24-festival-slovenskega-filma-ponovno-v-portorozu-novi-direktor-je-reziser-bojan-labovic\/#primaryimage\",\"inLanguage\":\"sl-SI\",\"url\":\"https:\/\/www.fsf.si\/2021\/wp-content\/uploads\/2021\/05\/Bojan-Labovi\\u0107-Foto-Irena-Herak.jpg\",\"contentUrl\":\"https:\/\/www.fsf.si\/2021\/wp-content\/uploads\/2021\/05\/Bojan-Labovi\\u0107-Foto-Irena-Herak.jpg\",\"width\":4896,\"height\":3264},{\"@type\":\"WebPage\",\"@id\":\"https:\/\/www.fsf.si\/2021\/24-festival-slovenskega-filma-ponovno-v-portorozu-novi-direktor-je-reziser-bojan-labovic\/#webpage\",\"url\":\"https:\/\/www.fsf.si\/2021\/24-festival-slovenskega-filma-ponovno-v-portorozu-novi-direktor-je-reziser-bojan-labovic\/\",\"name\":\"24. Festival slovenskega filma ponovno v Portoro\\u017eu \\u2013 novi direktor je re\\u017eiser Bojan Labovi\\u0107 - FSF\",\"isPartOf\":{\"@id\":\"https:\/\/www.fsf.si\/2021\/#website\"},\"primaryImageOfPage\":{\"@id\":\"https:\/\/www.fsf.si\/2021\/24-festival-slovenskega-filma-ponovno-v-portorozu-novi-direktor-je-reziser-bojan-labovic\/#primaryimage\"},\"datePublished\":\"2021-05-05T07:43:39+00:00\",\"dateModified\":\"2021-05-05T07:44:03+00:00\",\"description\":\"Festival slovenskega filma (FSF) je pregled slovenske avdiovizualne produkcije, ki vsako leto predstavi produkcijo celove\\u010dernih in kratkih igranih, dokumentarnih ter animiranih filmov, ki so nastali v Sloveniji v preteklem letu.\",\"breadcrumb\":{\"@id\":\"https:\/\/www.fsf.si\/2021\/24-festival-slovenskega-filma-ponovno-v-portorozu-novi-direktor-je-reziser-bojan-labovic\/#breadcrumb\"},\"inLanguage\":\"sl-SI\",\"potentialAction\":[{\"@type\":\"ReadAction\",\"target\":[\"https:\/\/www.fsf.si\/2021\/24-festival-slovenskega-filma-ponovno-v-portorozu-novi-direktor-je-reziser-bojan-labovic\/\"]}]},{\"@type\":\"BreadcrumbList\",\"@id\":\"https:\/\/www.fsf.si\/2021\/24-festival-slovenskega-filma-ponovno-v-portorozu-novi-direktor-je-reziser-bojan-labovic\/#breadcrumb\",\"itemListElement\":[{\"@type\":\"ListItem\",\"position\":1,\"name\":\"Home\",\"item\":\"https:\/\/www.fsf.si\/2021\/\"},{\"@type\":\"ListItem\",\"position\":2,\"name\":\"24. Festival slovenskega filma ponovno v Portoro\\u017eu \\u2013 novi direktor je re\\u017eiser Bojan Labovi\\u0107\"}]},{\"@type\":\"Article\",\"@id\":\"https:\/\/www.fsf.si\/2021\/24-festival-slovenskega-filma-ponovno-v-portorozu-novi-direktor-je-reziser-bojan-labovic\/#article\",\"isPartOf\":{\"@id\":\"https:\/\/www.fsf.si\/2021\/24-festival-slovenskega-filma-ponovno-v-portorozu-novi-direktor-je-reziser-bojan-labovic\/#webpage\"},\"author\":{\"@id\":\"https:\/\/www.fsf.si\/2021\/#\/schema\/person\/2e7621f02957e3c97b93431dbfaf8c25\"},\"headline\":\"24. Festival slovenskega filma ponovno v Portoro\\u017eu \\u2013 novi direktor je re\\u017eiser Bojan Labovi\\u0107\",\"datePublished\":\"2021-05-05T07:43:39+00:00\",\"dateModified\":\"2021-05-05T07:44:03+00:00\",\"mainEntityOfPage\":{\"@id\":\"https:\/\/www.fsf.si\/2021\/24-festival-slovenskega-filma-ponovno-v-portorozu-novi-direktor-je-reziser-bojan-labovic\/#webpage\"},\"wordCount\":682,\"commentCount\":0,\"publisher\":{\"@id\":\"https:\/\/www.fsf.si\/2021\/#organization\"},\"image\":{\"@id\":\"https:\/\/www.fsf.si\/2021\/24-festival-slovenskega-filma-ponovno-v-portorozu-novi-direktor-je-reziser-bojan-labovic\/#primaryimage\"},\"thumbnailUrl\":\"https:\/\/www.fsf.si\/2021\/wp-content\/uploads\/2021\/05\/Bojan-Labovi\\u0107-Foto-Irena-Herak.jpg\",\"articleSection\":[\"Aktualno\"],\"inLanguage\":\"sl-SI\",\"potentialAction\":[{\"@type\":\"CommentAction\",\"name\":\"Comment\",\"target\":[\"https:\/\/www.fsf.si\/2021\/24-festival-slovenskega-filma-ponovno-v-portorozu-novi-direktor-je-reziser-bojan-labovic\/#respond\"]}]},{\"@type\":\"Person\",\"@id\":\"https:\/\/www.fsf.si\/2021\/#\/schema\/person\/2e7621f02957e3c97b93431dbfaf8c25\",\"name\":\"dignitas\",\"image\":{\"@type\":\"ImageObject\",\"@id\":\"https:\/\/www.fsf.si\/2021\/#personlogo\",\"inLanguage\":\"sl-SI\",\"url\":\"https:\/\/secure.gravatar.com\/avatar\/773f40422ef3f9b848a0f1947b58bdc4?s=96&d=mm&r=g\",\"contentUrl\":\"https:\/\/secure.gravatar.com\/avatar\/773f40422ef3f9b848a0f1947b58bdc4?s=96&d=mm&r=g\",\"caption\":\"dignitas\"},\"url\":\"https:\/\/www.fsf.si\/2021\/author\/dignitas\/\"}]}<\/script>\n<!-- \/ Yoast SEO plugin. -->","yoast_head_json":{"title":"24. Festival slovenskega filma ponovno v Portoro\u017eu \u2013 novi direktor je re\u017eiser Bojan Labovi\u0107 - FSF","description":"Festival slovenskega filma (FSF) je pregled slovenske avdiovizualne produkcije, ki vsako leto predstavi produkcijo celove\u010dernih in kratkih igranih, dokumentarnih ter animiranih filmov, ki so nastali v Sloveniji v preteklem letu.","robots":{"index":"index","follow":"follow","max-snippet":"max-snippet:-1","max-image-preview":"max-image-preview:large","max-video-preview":"max-video-preview:-1"},"canonical":"https:\/\/www.fsf.si\/2021\/24-festival-slovenskega-filma-ponovno-v-portorozu-novi-direktor-je-reziser-bojan-labovic\/","og_locale":"sl_SI","og_type":"article","og_title":"24. Festival slovenskega filma ponovno v Portoro\u017eu \u2013 novi direktor je re\u017eiser Bojan Labovi\u0107 - FSF","og_description":"Festival slovenskega filma (FSF) je pregled slovenske avdiovizualne produkcije, ki vsako leto predstavi produkcijo celove\u010dernih in kratkih igranih, dokumentarnih ter animiranih filmov, ki so nastali v Sloveniji v preteklem letu.","og_url":"https:\/\/www.fsf.si\/2021\/24-festival-slovenskega-filma-ponovno-v-portorozu-novi-direktor-je-reziser-bojan-labovic\/","og_site_name":"FSF","article_published_time":"2021-05-05T07:43:39+00:00","article_modified_time":"2021-05-05T07:44:03+00:00","twitter_card":"summary_large_image","twitter_image":"https:\/\/www.fsf.si\/2021\/wp-content\/uploads\/2021\/05\/Bojan-Labovi\u0107-Foto-Irena-Herak.jpg","twitter_misc":{"Written by":"dignitas","Est. reading time":"3 minute"},"schema":{"@context":"https:\/\/schema.org","@graph":[{"@type":"Organization","@id":"https:\/\/www.fsf.si\/2021\/#organization","name":"Festival Slovenskega Filma","url":"https:\/\/www.fsf.si\/2021\/","sameAs":[],"logo":{"@type":"ImageObject","@id":"https:\/\/www.fsf.si\/2021\/#logo","inLanguage":"sl-SI","url":"https:\/\/www.fsf.si\/2021\/wp-content\/uploads\/2019\/06\/Slider-FSF.png","contentUrl":"https:\/\/www.fsf.si\/2021\/wp-content\/uploads\/2019\/06\/Slider-FSF.png","width":4800,"height":1600,"caption":"Festival Slovenskega Filma"},"image":{"@id":"https:\/\/www.fsf.si\/2021\/#logo"}},{"@type":"WebSite","@id":"https:\/\/www.fsf.si\/2021\/#website","url":"https:\/\/www.fsf.si\/2021\/","name":"FSF","description":"Festival Slovenskega Filma","publisher":{"@id":"https:\/\/www.fsf.si\/2021\/#organization"},"potentialAction":[{"@type":"SearchAction","target":{"@type":"EntryPoint","urlTemplate":"https:\/\/www.fsf.si\/2021\/?s={search_term_string}"},"query-input":"required name=search_term_string"}],"inLanguage":"sl-SI"},{"@type":"ImageObject","@id":"https:\/\/www.fsf.si\/2021\/24-festival-slovenskega-filma-ponovno-v-portorozu-novi-direktor-je-reziser-bojan-labovic\/#primaryimage","inLanguage":"sl-SI","url":"https:\/\/www.fsf.si\/2021\/wp-content\/uploads\/2021\/05\/Bojan-Labovi\u0107-Foto-Irena-Herak.jpg","contentUrl":"https:\/\/www.fsf.si\/2021\/wp-content\/uploads\/2021\/05\/Bojan-Labovi\u0107-Foto-Irena-Herak.jpg","width":4896,"height":3264},{"@type":"WebPage","@id":"https:\/\/www.fsf.si\/2021\/24-festival-slovenskega-filma-ponovno-v-portorozu-novi-direktor-je-reziser-bojan-labovic\/#webpage","url":"https:\/\/www.fsf.si\/2021\/24-festival-slovenskega-filma-ponovno-v-portorozu-novi-direktor-je-reziser-bojan-labovic\/","name":"24. Festival slovenskega filma ponovno v Portoro\u017eu \u2013 novi direktor je re\u017eiser Bojan Labovi\u0107 - FSF","isPartOf":{"@id":"https:\/\/www.fsf.si\/2021\/#website"},"primaryImageOfPage":{"@id":"https:\/\/www.fsf.si\/2021\/24-festival-slovenskega-filma-ponovno-v-portorozu-novi-direktor-je-reziser-bojan-labovic\/#primaryimage"},"datePublished":"2021-05-05T07:43:39+00:00","dateModified":"2021-05-05T07:44:03+00:00","description":"Festival slovenskega filma (FSF) je pregled slovenske avdiovizualne produkcije, ki vsako leto predstavi produkcijo celove\u010dernih in kratkih igranih, dokumentarnih ter animiranih filmov, ki so nastali v Sloveniji v preteklem letu.","breadcrumb":{"@id":"https:\/\/www.fsf.si\/2021\/24-festival-slovenskega-filma-ponovno-v-portorozu-novi-direktor-je-reziser-bojan-labovic\/#breadcrumb"},"inLanguage":"sl-SI","potentialAction":[{"@type":"ReadAction","target":["https:\/\/www.fsf.si\/2021\/24-festival-slovenskega-filma-ponovno-v-portorozu-novi-direktor-je-reziser-bojan-labovic\/"]}]},{"@type":"BreadcrumbList","@id":"https:\/\/www.fsf.si\/2021\/24-festival-slovenskega-filma-ponovno-v-portorozu-novi-direktor-je-reziser-bojan-labovic\/#breadcrumb","itemListElement":[{"@type":"ListItem","position":1,"name":"Home","item":"https:\/\/www.fsf.si\/2021\/"},{"@type":"ListItem","position":2,"name":"24. Festival slovenskega filma ponovno v Portoro\u017eu \u2013 novi direktor je re\u017eiser Bojan Labovi\u0107"}]},{"@type":"Article","@id":"https:\/\/www.fsf.si\/2021\/24-festival-slovenskega-filma-ponovno-v-portorozu-novi-direktor-je-reziser-bojan-labovic\/#article","isPartOf":{"@id":"https:\/\/www.fsf.si\/2021\/24-festival-slovenskega-filma-ponovno-v-portorozu-novi-direktor-je-reziser-bojan-labovic\/#webpage"},"author":{"@id":"https:\/\/www.fsf.si\/2021\/#\/schema\/person\/2e7621f02957e3c97b93431dbfaf8c25"},"headline":"24. Festival slovenskega filma ponovno v Portoro\u017eu \u2013 novi direktor je re\u017eiser Bojan Labovi\u0107","datePublished":"2021-05-05T07:43:39+00:00","dateModified":"2021-05-05T07:44:03+00:00","mainEntityOfPage":{"@id":"https:\/\/www.fsf.si\/2021\/24-festival-slovenskega-filma-ponovno-v-portorozu-novi-direktor-je-reziser-bojan-labovic\/#webpage"},"wordCount":682,"commentCount":0,"publisher":{"@id":"https:\/\/www.fsf.si\/2021\/#organization"},"image":{"@id":"https:\/\/www.fsf.si\/2021\/24-festival-slovenskega-filma-ponovno-v-portorozu-novi-direktor-je-reziser-bojan-labovic\/#primaryimage"},"thumbnailUrl":"https:\/\/www.fsf.si\/2021\/wp-content\/uploads\/2021\/05\/Bojan-Labovi\u0107-Foto-Irena-Herak.jpg","articleSection":["Aktualno"],"inLanguage":"sl-SI","potentialAction":[{"@type":"CommentAction","name":"Comment","target":["https:\/\/www.fsf.si\/2021\/24-festival-slovenskega-filma-ponovno-v-portorozu-novi-direktor-je-reziser-bojan-labovic\/#respond"]}]},{"@type":"Person","@id":"https:\/\/www.fsf.si\/2021\/#\/schema\/person\/2e7621f02957e3c97b93431dbfaf8c25","name":"dignitas","image":{"@type":"ImageObject","@id":"https:\/\/www.fsf.si\/2021\/#personlogo","inLanguage":"sl-SI","url":"https:\/\/secure.gravatar.com\/avatar\/773f40422ef3f9b848a0f1947b58bdc4?s=96&d=mm&r=g","contentUrl":"https:\/\/secure.gravatar.com\/avatar\/773f40422ef3f9b848a0f1947b58bdc4?s=96&d=mm&r=g","caption":"dignitas"},"url":"https:\/\/www.fsf.si\/2021\/author\/dignitas\/"}]}},"_links":{"self":[{"href":"https:\/\/www.fsf.si\/2021\/wp-json\/wp\/v2\/posts\/14686"}],"collection":[{"href":"https:\/\/www.fsf.si\/2021\/wp-json\/wp\/v2\/posts"}],"about":[{"href":"https:\/\/www.fsf.si\/2021\/wp-json\/wp\/v2\/types\/post"}],"author":[{"embeddable":true,"href":"https:\/\/www.fsf.si\/2021\/wp-json\/wp\/v2\/users\/1"}],"replies":[{"embeddable":true,"href":"https:\/\/www.fsf.si\/2021\/wp-json\/wp\/v2\/comments?post=14686"}],"version-history":[{"count":2,"href":"https:\/\/www.fsf.si\/2021\/wp-json\/wp\/v2\/posts\/14686\/revisions"}],"predecessor-version":[{"id":14690,"href":"https:\/\/www.fsf.si\/2021\/wp-json\/wp\/v2\/posts\/14686\/revisions\/14690"}],"wp:featuredmedia":[{"embeddable":true,"href":"https:\/\/www.fsf.si\/2021\/wp-json\/wp\/v2\/media\/14687"}],"wp:attachment":[{"href":"https:\/\/www.fsf.si\/2021\/wp-json\/wp\/v2\/media?parent=14686"}],"wp:term":[{"taxonomy":"category","embeddable":true,"href":"https:\/\/www.fsf.si\/2021\/wp-json\/wp\/v2\/categories?post=14686"},{"taxonomy":"post_tag","embeddable":true,"href":"https:\/\/www.fsf.si\/2021\/wp-json\/wp\/v2\/tags?post=14686"}],"curies":[{"name":"wp","href":"https:\/\/api.w.org\/{rel}","templated":true}]}}